{"id":14616,"date":"2026-02-17T16:43:43","date_gmt":"2026-02-17T16:43:43","guid":{"rendered":"https:\/\/ilovepm.com\/?p=14616"},"modified":"2026-02-17T16:43:45","modified_gmt":"2026-02-17T16:43:45","slug":"17-de-febrero-dia-mundial-de-la-resiliencia-del-turismo","status":"publish","type":"post","link":"https:\/\/ilovepm.com\/en\/17-de-febrero-dia-mundial-de-la-resiliencia-del-turismo\/","title":{"rendered":"17 de febrero, D\u00eda Mundial de la Resiliencia del Turismo"},"content":{"rendered":"<p><em>Por: Crist\u00f3bal C. Carri\u00f3n H.*<\/em><\/p>\n\n\n\n<p>A nivel global, el turismo genera cerca del 10% del Producto Interno Bruto (PIB) y brinda empleo a una de cada diez personas. Para muchos pa\u00edses en desarrollo, peque\u00f1os Estados insulares y naciones africanas, representa una fuente esencial de ingresos, divisas y empleo. En 2024, el sector gener\u00f3 m\u00e1s de 348 millones de puestos de trabajo y aport\u00f3 11.1 billones de d\u00f3lares al PIB mundial.<\/p>\n\n\n\n<p>En el Caribe, el turismo sostiene hasta el 90.7% del empleo en islas como Antigua y Barbuda. En la Riviera Maya, esta actividad representa alrededor del 85% de la industria estatal y genera m\u00e1s de 450,000 empleos directos e indirectos, con un fuerte impacto en los servicios locales. M\u00e1s del 70% de la poblaci\u00f3n de sus municipios participa en sectores tur\u00edsticos primarios y secundarios.<\/p>\n\n\n\n<p>Sin embargo, pese a su peso econ\u00f3mico, el turismo enfrenta amenazas crecientes. La pandemia provoc\u00f3 p\u00e9rdidas globales de 2 billones de d\u00f3lares solo en 2020, afectando especialmente a comunidades rurales. En el Caribe Mexicano, el hurac\u00e1n Wilma devast\u00f3 la Riviera Maya en 2005, reduciendo la ocupaci\u00f3n hotelera del 72% al 10% y generando p\u00e9rdidas estimadas en 1,500 millones de d\u00f3lares. M\u00e1s recientemente, la llegada masiva de sargazo en 2025 paraliz\u00f3 playas enteras, con la recolecci\u00f3n de 1,465 toneladas tan solo en mayo, afectando ecosistemas clave y la actividad tur\u00edstica.<\/p>\n\n\n\n<p>En este contexto, la resiliencia del turismo se entiende como la capacidad de destinos, empresas y comunidades para adaptarse, resistir y recuperarse ante crisis como pandemias, desastres naturales o fluctuaciones econ\u00f3micas, manteniendo su viabilidad econ\u00f3mica, social y ambiental. Apostar por un turismo resiliente y sostenible permite impulsar el crecimiento inclusivo, proteger el medio ambiente, fortalecer la cultura local y mejorar la calidad de vida de comunidades, mujeres, j\u00f3venes y pueblos originarios.<\/p>\n\n\n\n<p>Con este objetivo se conmemora cada 17 de febrero el D\u00eda Mundial de la Resiliencia del Turismo, proclamado por la Asamblea General de las Naciones Unidas en 2023. La iniciativa busca promover estrategias alineadas con los Objetivos de Desarrollo Sostenible, fortaleciendo la capacidad del sector para gestionar crisis, innovar y avanzar hacia modelos m\u00e1s responsables.<\/p>\n\n\n\n<p>En 2026, M\u00e9xico inicia el a\u00f1o con una perspectiva tur\u00edstica prometedora: su participaci\u00f3n como pa\u00eds invitado en FITUR y la celebraci\u00f3n del Mundial de F\u00fatbol auguran un aumento en la afluencia de visitantes. Ser\u00e1, al mismo tiempo, una oportunidad clave para aplicar estrategias que protejan los recursos naturales, sociales y culturales, y aseguren que el crecimiento no comprometa el equilibrio ecol\u00f3gico y econ\u00f3mico. De ello depender\u00e1 que la resiliencia tur\u00edstica deje de ser solo un concepto y se convierta en una pr\u00e1ctica real.<\/p>\n\n\n\n<p><\/p>\n\n\n\n<p>*<em>Maestro en ciencias y bi\u00f3logo.<\/em><br><em>Divulgador de la ciencia, articulista y ex director del Planetario Sayab.<\/em><br><em>Consultor ambiental.<\/em><br><em>Un apasionado del conocimiento y de su exploraci\u00f3n.<\/em><br><a href=\"mailto:tribu.sustentable.mx@gmail.com\">tribu.sustentable.mx@gmail.com<\/a><\/p>","protected":false},"excerpt":{"rendered":"<p>Por: Crist\u00f3bal C. Carri\u00f3n H.* A nivel global, el turismo genera cerca del 10% del Producto Interno Bruto (PIB) y brinda empleo a una de cada diez personas. Para muchos pa\u00edses en desarrollo, peque\u00f1os Estados insulares y naciones africanas, representa una fuente esencial de ingresos, divisas y empleo. En 2024, el sector gener\u00f3 m\u00e1s de [&hellip;]<\/p>\n","protected":false},"author":5,"featured_media":14617,"comment_status":"open","ping_status":"open","sticky":false,"template":"","format":"standard","meta":{"site-sidebar-layout":"default","site-content-layout":"","ast-site-content-layout":"","site-content-style":"default","site-sidebar-style":"default","ast-global-header-display":"","ast-banner-title-visibility":"","ast-main-header-display":"","ast-hfb-above-header-display":"","ast-hfb-below-header-display":"","ast-hfb-mobile-header-display":"","site-post-title":"","ast-breadcrumbs-content":"","ast-featured-img":"","footer-sml-layout":"","ast-disable-related-posts":"","theme-transparent-header-meta":"","adv-header-id-meta":"","stick-header-meta":"","header-above-stick-meta":"","header-main-stick-meta":"","header-below-stick-meta":"","astra-migrate-meta-layouts":"default","ast-page-background-enabled":"default","ast-page-background-meta":{"desktop":{"background-color":"var(--ast-global-color-4)","background-image":"","background-repeat":"repeat","background-position":"center center","background-size":"auto","background-attachment":"scroll","background-type":"","background-media":"","overlay-type":"","overlay-color":"","overlay-opacity":"","overlay-gradient":""},"tablet":{"background-color":"","background-image":"","background-repeat":"repeat","background-position":"center center","background-size":"auto","background-attachment":"scroll","background-type":"","background-media":"","overlay-type":"","overlay-color":"","overlay-opacity":"","overlay-gradient":""},"mobile":{"background-color":"","background-image":"","background-repeat":"repeat","background-position":"center center","background-size":"auto","background-attachment":"scroll","background-type":"","background-media":"","overlay-type":"","overlay-color":"","overlay-opacity":"","overlay-gradient":""}},"ast-content-background-meta":{"desktop":{"background-color":"var(--ast-global-color-5)","background-image":"","background-repeat":"repeat","background-position":"center center","background-size":"auto","background-attachment":"scroll","background-type":"","background-media":"","overlay-type":"","overlay-color":"","overlay-opacity":"","overlay-gradient":""},"tablet":{"background-color":"var(--ast-global-color-5)","background-image":"","background-repeat":"repeat","background-position":"center center","background-size":"auto","background-attachment":"scroll","background-type":"","background-media":"","overlay-type":"","overlay-color":"","overlay-opacity":"","overlay-gradient":""},"mobile":{"background-color":"var(--ast-global-color-5)","background-image":"","background-repeat":"repeat","background-position":"center center","background-size":"auto","background-attachment":"scroll","background-type":"","background-media":"","overlay-type":"","overlay-color":"","overlay-opacity":"","overlay-gradient":""}},"footnotes":""},"categories":[346],"tags":[1669,1665,80,1666,502,448,483,237,1667,371,1668],"class_list":["post-14616","post","type-post","status-publish","format-standard","has-post-thumbnail","hentry","category-naturaleza","tag-acidificacion-de-los-oceanos","tag-cristobal-c-carrion-h","tag-cuidado-del-medio-ambiente","tag-dia-mundial-por-la-reduccion-de-las-emisiones-de-co2","tag-ecologia","tag-educacion","tag-mexico","tag-naturaleza","tag-reduccion-de-las-emisiones-de-gases-de-efecto-invernadero","tag-sostenibilidad","tag-temperatura-global"],"_links":{"self":[{"href":"https:\/\/ilovepm.com\/en\/wp-json\/wp\/v2\/posts\/14616","targetHints":{"allow":["GET"]}}],"collection":[{"href":"https:\/\/ilovepm.com\/en\/wp-json\/wp\/v2\/posts"}],"about":[{"href":"https:\/\/ilovepm.com\/en\/wp-json\/wp\/v2\/types\/post"}],"author":[{"embeddable":true,"href":"https:\/\/ilovepm.com\/en\/wp-json\/wp\/v2\/users\/5"}],"replies":[{"embeddable":true,"href":"https:\/\/ilovepm.com\/en\/wp-json\/wp\/v2\/comments?post=14616"}],"version-history":[{"count":1,"href":"https:\/\/ilovepm.com\/en\/wp-json\/wp\/v2\/posts\/14616\/revisions"}],"predecessor-version":[{"id":14618,"href":"https:\/\/ilovepm.com\/en\/wp-json\/wp\/v2\/posts\/14616\/revisions\/14618"}],"wp:featuredmedia":[{"embeddable":true,"href":"https:\/\/ilovepm.com\/en\/wp-json\/wp\/v2\/media\/14617"}],"wp:attachment":[{"href":"https:\/\/ilovepm.com\/en\/wp-json\/wp\/v2\/media?parent=14616"}],"wp:term":[{"taxonomy":"category","embeddable":true,"href":"https:\/\/ilovepm.com\/en\/wp-json\/wp\/v2\/categories?post=14616"},{"taxonomy":"post_tag","embeddable":true,"href":"https:\/\/ilovepm.com\/en\/wp-json\/wp\/v2\/tags?post=14616"}],"curies":[{"name":"wp","href":"https:\/\/api.w.org\/{rel}","templated":true}]}}