{"id":14038,"date":"2018-01-01T00:00:03","date_gmt":"2018-01-01T00:00:03","guid":{"rendered":"https:\/\/ilovepm.com\/?p=481"},"modified":"2018-01-01T00:00:03","modified_gmt":"2018-01-01T00:00:03","slug":"festividades","status":"publish","type":"post","link":"https:\/\/ilovepm.com\/en\/festividades\/","title":{"rendered":"Festividades"},"content":{"rendered":"<h4 style=\"text-align: justify;\"><strong>Divi\u00e9rtete y conoce lo que est\u00e1 pasando en Puerto Morelos, descubre los eventos programados para hacer tu estancia inolvidable.<\/strong><\/h4>\n<p><!--more--><\/p>\n<p style=\"text-align: justify;\">Las actividades culturales, festivales y eventos que se llevan a cabo en Puerto Morelos tienen el objeto de difundir la cultura y el modo de vida \u00a0de la comunidad y de nuestro pa\u00eds.<span style=\"font-weight: 400;\"><br \/>\n<\/span><\/p>\n<p style=\"text-align: justify;\">A lo largo de todo el a\u00f1o se suceden un gran n\u00famero de actividades; algunas de las citas destacadas en el calendario son:<\/p>\n<p style=\"text-align: justify;\">El <strong>Carnaval<\/strong> en febrero, cuyo objetivo es \u00a0rescatar las tradiciones durante cinco d\u00edas, da inicio con la coronaci\u00f3n; el show abre con una comparsa,\u00a0la elecci\u00f3n de los reyes de la 3ra edad, la reina de la diversidad y los reyes del carnaval del a\u00f1o en curso. Desfile de carros aleg\u00f3ricos, y diversas presentaciones art\u00edsticas, son parte de su programaci\u00f3n.<\/p>\n<p style=\"text-align: justify;\">En marzo, el <strong>Festival Cultural de la Primavera<\/strong>, realizado por el Municipio de Puerto Morelos, tiene el lema de \u201cun espacio para la sana convivencia familiar\u201d donde se realizan diversas actividades, como el \u201cConcurso y Exposici\u00f3n de Papalotes\u201d, m\u00fasica, bailes y el desfile con motivo de la llegada de la primavera, una \u00e9poca de renovaci\u00f3n para el ser humano.<\/p>\n<p style=\"text-align: justify;\">Tambi\u00e9n, se presenta el <strong>Festival Internacional de m\u00fasica<\/strong> con artistas de la m\u00e1s alta calidad interpretativa, talento y presencia esc\u00e9nica. La convocatoria adem\u00e1s abarca a artistas pl\u00e1sticos y visuales como a los artesanos de la regi\u00f3n.<\/p>\n<p style=\"text-align: justify;\">En el mes de abril se presenta el <strong>Triatl\u00f3n Blackout Puerto Morelos<\/strong> que incluye Sprint o Super Sprint, y tambi\u00e9n es sede infantil. Estas tres disciplinas se realizan en todo el Municipio, la nataci\u00f3n es en el mar, la bicicleta es sobre la \u201c<a href=\"https:\/\/ilovepm.com\/en\/ruta-de-los-cenotes\/\">Ruta de los Cenotes<\/a>\u201d, y la carrera sobre la avenida principal del pueblo.<\/p>\n<p style=\"text-align: justify;\">En diversos espacios de este Municipio por la <strong>Semana Santa<\/strong> se llevan a cabo variedad de eventos.<\/p>\n<p style=\"text-align: justify;\">El <strong>Festival de cine de la Riviera Maya<\/strong> se hace cada a\u00f1o, con proyecciones totalmente gratuitas durante 5 d\u00edas a la orilla del mar entre los meses de abril y junio.<\/p>\n<p style=\"text-align: justify;\">En mayo el <strong>Festival de teatro<\/strong> propone grupos teatrales nacionales e internacionales, incluyendo espect\u00e1culos de danza teatro y circo. Sus actividades se realizan en la casa de la cultura, y el kiosco de la plaza principal. La entrada es gratuita.<\/p>\n<p style=\"text-align: justify;\"><span style=\"font-weight: 400;\">El primero de Junio se celebra el <strong>d\u00eda de la Marina<\/strong>, con un evento c\u00edvico para homenajear a las tripulaciones de los buques tanques mexicanos \u201cPotrero del Llano\u201d y \u201cFaja de Oro\u201d que fueron torpedeados y hundidos por submarinos alemanes los d\u00edas 13 y 20 de mayo de 1942 durante el desarrollo de la Segunda Guerra Mundial.<\/span><\/p>\n<p><span style=\"font-weight: 400;\">En el marco de esta celebraci\u00f3n, se realiza \u00a0el \u00a0tradicional <strong>torneo internacional de pesca de altura<\/strong>, el cual recibe una gran diversidad de embarcaciones de distintas clases.<\/span><\/p>\n<p style=\"text-align: justify;\"><span style=\"font-weight: 400;\">En septiembre, las fiestas patrias se hacen presentes, la celebraci\u00f3n c\u00edvico-cultural del hist\u00f3rico 15 de septiembre de 1810, d\u00eda de la <strong>Independencia de M\u00e9xico<\/strong> se lleva a cabo en la Plaza Principal, donde la comunidad participa y disfruta de grupos de m\u00fasica en vivo, danza, artesan\u00edas y gastronom\u00eda tradicional.<\/span><\/p>\n<p style=\"text-align: justify;\"><span style=\"font-weight: 400;\">El <strong><em>hanal pix\u00e1n<\/em><\/strong>, o &#8220;comida de las \u00e1nimas&#8221;, es una tradici\u00f3n del pueblo maya que se lleva a cabo para recordar de una manera especial a los amigos. Se celebra los d\u00edas 31 de octubre al 2 de noviembre donde las \u00e1nimas &#8220;reciben permiso&#8221; para visitar a sus familiares. El 31 de octubre se dedica a los ni\u00f1os y le llaman \u201c<em>u hanal palal<\/em>\u201d, el 1 de noviembre, est\u00e1 dedicado a los adultos muertos y le llaman \u201c<em>u hanal nucuch uinicoob<\/em>\u201d, y el \u00faltimo d\u00eda es conocido como \u201c<em>u hanal pixanoob<\/em>\u201d mejor conocido como \u201c<em>pix\u00e1n<\/em>\u201d, por lo general en el cementerio de la poblaci\u00f3n. Esta celebraci\u00f3n se puede disfrutar en el <strong><a href=\"https:\/\/ilovepm.com\/en\/listing\/zapote-ecopark\/\">Zapote ECOPARK<\/a><\/strong> y en el centro de Puerto Morelos se festeja el 2 de noviembre con con un concurso de altares; las ofrendas son exhibidas en el Domo Deportivo de la colonia Zetina Gasca y la gente se re\u00fane a apreciar los diversos tributos que se ofrecen a sus muertos.\u00a0Rezos y cantos pueden ser escuchados por todo el pueblo mientras los habitantes \u201cconsienten\u201d una vez m\u00e1s a sus seres queridos que ya han partido.<\/span><\/p>\n<p>Ask <a href=\"https:\/\/ilovepm.com\/en\/descubre-pm\/\">DISCOVER PM<\/a> about <a href=\"https:\/\/ilovepm.com\/en\/descubre-pm\/#vida-social\">m\u00e1s vida social de Puerto Morelos<\/a>\u00a0y la agenda completa y actualizada con los\u00a0<a href=\"https:\/\/ilovepm.com\/en\/proximos-eventos\/\">Pr\u00f3ximos eventos<\/a><\/p>","protected":false},"excerpt":{"rendered":"<p style=\"text-align:justify\">Divi\u00e9rtete y conoce lo que esta pasando en Puerto Morelos, descubre los eventos programados para hacer tu estancia inolvidable.<\/p>","protected":false},"author":5,"featured_media":14039,"comment_status":"closed","ping_status":"open","sticky":false,"template":"","format":"standard","meta":{"site-sidebar-layout":"default","site-content-layout":"","ast-site-content-layout":"default","site-content-style":"default","site-sidebar-style":"default","ast-global-header-display":"","ast-banner-title-visibility":"","ast-main-header-display":"","ast-hfb-above-header-display":"","ast-hfb-below-header-display":"","ast-hfb-mobile-header-display":"","site-post-title":"","ast-breadcrumbs-content":"","ast-featured-img":"","footer-sml-layout":"","ast-disable-related-posts":"","theme-transparent-header-meta":"","adv-header-id-meta":"","stick-header-meta":"","header-above-stick-meta":"","header-main-stick-meta":"","header-below-stick-meta":"","astra-migrate-meta-layouts":"default","ast-page-background-enabled":"default","ast-page-background-meta":{"desktop":{"background-color":"var(--ast-global-color-4)","background-image":"","background-repeat":"repeat","background-position":"center center","background-size":"auto","background-attachment":"scroll","background-type":"","background-media":"","overlay-type":"","overlay-color":"","overlay-opacity":"","overlay-gradient":""},"tablet":{"background-color":"","background-image":"","background-repeat":"repeat","background-position":"center center","background-size":"auto","background-attachment":"scroll","background-type":"","background-media":"","overlay-type":"","overlay-color":"","overlay-opacity":"","overlay-gradient":""},"mobile":{"background-color":"","background-image":"","background-repeat":"repeat","background-position":"center center","background-size":"auto","background-attachment":"scroll","background-type":"","background-media":"","overlay-type":"","overlay-color":"","overlay-opacity":"","overlay-gradient":""}},"ast-content-background-meta":{"desktop":{"background-color":"var(--ast-global-color-5)","background-image":"","background-repeat":"repeat","background-position":"center center","background-size":"auto","background-attachment":"scroll","background-type":"","background-media":"","overlay-type":"","overlay-color":"","overlay-opacity":"","overlay-gradient":""},"tablet":{"background-color":"var(--ast-global-color-5)","background-image":"","background-repeat":"repeat","background-position":"center center","background-size":"auto","background-attachment":"scroll","background-type":"","background-media":"","overlay-type":"","overlay-color":"","overlay-opacity":"","overlay-gradient":""},"mobile":{"background-color":"var(--ast-global-color-5)","background-image":"","background-repeat":"repeat","background-position":"center center","background-size":"auto","background-attachment":"scroll","background-type":"","background-media":"","overlay-type":"","overlay-color":"","overlay-opacity":"","overlay-gradient":""}},"footnotes":""},"categories":[175,184],"tags":[264,265,266,69,267,268,269,5,21,6,160,171,72,270],"class_list":["post-14038","post","type-post","status-publish","format-standard","has-post-thumbnail","hentry","category-disfruta","category-eventos","tag-carnaval","tag-cine","tag-circo","tag-danza","tag-festivales","tag-fiesta","tag-hanal-pixan","tag-mar","tag-musica","tag-pesca","tag-playa","tag-polo","tag-teatro","tag-tradiciones"],"_links":{"self":[{"href":"https:\/\/ilovepm.com\/en\/wp-json\/wp\/v2\/posts\/14038","targetHints":{"allow":["GET"]}}],"collection":[{"href":"https:\/\/ilovepm.com\/en\/wp-json\/wp\/v2\/posts"}],"about":[{"href":"https:\/\/ilovepm.com\/en\/wp-json\/wp\/v2\/types\/post"}],"author":[{"embeddable":true,"href":"https:\/\/ilovepm.com\/en\/wp-json\/wp\/v2\/users\/5"}],"replies":[{"embeddable":true,"href":"https:\/\/ilovepm.com\/en\/wp-json\/wp\/v2\/comments?post=14038"}],"version-history":[{"count":0,"href":"https:\/\/ilovepm.com\/en\/wp-json\/wp\/v2\/posts\/14038\/revisions"}],"wp:featuredmedia":[{"embeddable":true,"href":"https:\/\/ilovepm.com\/en\/wp-json\/wp\/v2\/media\/14039"}],"wp:attachment":[{"href":"https:\/\/ilovepm.com\/en\/wp-json\/wp\/v2\/media?parent=14038"}],"wp:term":[{"taxonomy":"category","embeddable":true,"href":"https:\/\/ilovepm.com\/en\/wp-json\/wp\/v2\/categories?post=14038"},{"taxonomy":"post_tag","embeddable":true,"href":"https:\/\/ilovepm.com\/en\/wp-json\/wp\/v2\/tags?post=14038"}],"curies":[{"name":"wp","href":"https:\/\/api.w.org\/{rel}","templated":true}]}}