{"id":13901,"date":"2019-10-13T15:39:27","date_gmt":"2019-10-13T15:39:27","guid":{"rendered":"https:\/\/ilovepm.com\/?p=7535"},"modified":"2019-10-13T15:39:27","modified_gmt":"2019-10-13T15:39:27","slug":"hanal-pixan-el-dia-de-muertos-de-los-mayas","status":"publish","type":"post","link":"https:\/\/ilovepm.com\/en\/hanal-pixan-el-dia-de-muertos-de-los-mayas\/","title":{"rendered":"Hanal Pixan: El D\u00eda de Muertos de los Mayas"},"content":{"rendered":"<h4>El \u201cHanal pix\u00e1n\u201d, o comida de las \u00e1nimas, es una tradici\u00f3n del pueblo maya que se lleva a cabo para recordar de una manera especial a los amigos y parientes que se adelantaron en el viaje eterno.<\/h4>\n<p style=\"text-align: justify;\">Es un acontecimiento especial para los deudos de los difuntos, pues saben que, en estos d\u00edas, del 31 de octubre al 2 de noviembre, las \u00e1nimas \u201creciben permiso\u201d para visitar a sus familiares. Sin embargo la celebraci\u00f3n comienza desde mucho antes con el bordado de los manteles que se utiliza sobre la mesa; la elaboraci\u00f3n de los trastes de barro, las velas de cera. En estos d\u00edas adem\u00e1s, se hace una limpieza general de casa y patios, se pintan las albarradas, con la intenci\u00f3n que las \u00e1nimas que llegan esos d\u00edas no tengan que hacerlo.<br \/>\nTambi\u00e9n se acostumbra dormir temprano la noche anterior, para no perturbar las almas que vienen llegando.<\/p>\n<p style=\"text-align: justify;\">El primer d\u00eda se dedica a los ni\u00f1os y le llaman U HANAL PALAL. El segundo d\u00eda, est\u00e1 dedicado a los adultos muertos y le llaman U HANAL NUCUCH UINICOOB, y el tercer d\u00eda es el U HANAL PIXANOOB llamado en algunos lugares \u201cmisa pix\u00e1n\u201d porque ese d\u00eda se aplica una misa dedicada a las \u00e1nimas, por lo general en el cementerio de la poblaci\u00f3n.<\/p>\n<p style=\"text-align: justify;\">La tradici\u00f3n incluye varios ritos, el principal consiste en poner una mesa que funciona como altar, alumbrada con velas de cera, debajo de los \u00e1rboles del patio y cerca de las sepulturas de los familiares, donde se coloca comida t\u00edpica de la temporada: atole nuevo, pibes o mucbipollos, j\u00edcamas, mandarinas, naranjas, xec (mezcla hecha con naranja, mandarina, j\u00edcama y otras frutas, as\u00ed como chile molido), dulce de papaya, coco y pepita, tamales de x\u2019pel\u00f3n, vaporcitos, balch\u00e9 (bebida embriagante que se hace con la corteza de un \u00e1rbol que se llama as\u00ed), pan dulce y j\u00edcaras de sabroso tan-chucu\u00e1 (atole que se fabrica con masa de ma\u00edz, cacao, pimienta y an\u00eds). Todo eso adornado con veladoras, flores, ramas de ruda y las fotograf\u00edas de las personas fallecidas.<\/p>\n<p style=\"text-align: justify;\">El d\u00eda de los ni\u00f1os difuntos el altar es decorado con un mantel bordado en tonos alegres, en el que se colocan, adem\u00e1s de los alimentos, dulces y juguetes, y se adorna con flores de xpujuc (de tipo silvestre y color amarillo), xt\u00e9s en color rojo y virginias.<\/p>\n<p style=\"text-align: justify;\">Estas viandas pasan toda la noche del 1 al 2 de noviembre, en esos peque\u00f1os altares, debajo de los \u00e1rboles. Y cuando las almas de los difuntos &#8220;han tomado la gracia&#8221;, los familiares de aquellos meriendan los mucbipollos, y los pibinales, y se toman el atole y el balch\u00e9.<\/p>\n<p style=\"text-align: justify;\">Una semana despu\u00e9s, se efect\u00faa el bix (ochovario del d\u00eda de finados, se dice tambi\u00e9n de la reuni\u00f3n o fiesta que se hace a los ocho d\u00edas de alg\u00fan acontecimiento) u octava, que es una especie de repetici\u00f3n mas peuqe\u00f1a que la anterior. En las noches de esos d\u00edas, en las puertas de las casas y en las albarradas se encienden hileras de velas para que las almas vean su camino al venir y al retirarse de la poblaci\u00f3n al terminar los finados.<\/p>\n<p style=\"text-align: justify;\">Ac\u00e9rcate a\u00a0conocer m\u00e1s de esta tradici\u00f3n en <a href=\"https:\/\/ilovepm.com\/en\/listing\/zapote-ecopark\/\">Zapote Ecopark<\/a>, en <a href=\"https:\/\/www.facebook.com\/RutadelosCenotestravel\/\" target=\"_blank\" rel=\"noopener\">Ruta de los Cenotes\u00a0<\/a>\u00a0desde el\u00a0<a href=\"https:\/\/www.facebook.com\/events\/492556871529839\/\" target=\"_blank\" rel=\"noopener\">31 de Octubre hasta el 2 de Noviembre.<\/a><\/p>\n<p>Fotograf\u00eda:https:\/\/www.instagram.com\/di.fragoso\/ \u00a0Xanal Pix\u00e1n Zapote Eco Park<\/p>","protected":false},"excerpt":{"rendered":"<p>El \u201cHanal pix\u00e1n\u201d, o comida de las \u00e1nimas, es una tradici\u00f3n del pueblo maya que se lleva a cabo para recordar de una manera especial a los amigos y parientes que se adelantaron en el viaje eterno. Es un acontecimiento especial para los deudos de los difuntos, pues saben que, en estos d\u00edas, del 31 [&hellip;]<\/p>\n","protected":false},"author":5,"featured_media":13902,"comment_status":"open","ping_status":"open","sticky":false,"template":"","format":"standard","meta":{"site-sidebar-layout":"default","site-content-layout":"","ast-site-content-layout":"default","site-content-style":"default","site-sidebar-style":"default","ast-global-header-display":"","ast-banner-title-visibility":"","ast-main-header-display":"","ast-hfb-above-header-display":"","ast-hfb-below-header-display":"","ast-hfb-mobile-header-display":"","site-post-title":"","ast-breadcrumbs-content":"","ast-featured-img":"","footer-sml-layout":"","ast-disable-related-posts":"","theme-transparent-header-meta":"","adv-header-id-meta":"","stick-header-meta":"","header-above-stick-meta":"","header-main-stick-meta":"","header-below-stick-meta":"","astra-migrate-meta-layouts":"default","ast-page-background-enabled":"default","ast-page-background-meta":{"desktop":{"background-color":"var(--ast-global-color-4)","background-image":"","background-repeat":"repeat","background-position":"center center","background-size":"auto","background-attachment":"scroll","background-type":"","background-media":"","overlay-type":"","overlay-color":"","overlay-opacity":"","overlay-gradient":""},"tablet":{"background-color":"","background-image":"","background-repeat":"repeat","background-position":"center center","background-size":"auto","background-attachment":"scroll","background-type":"","background-media":"","overlay-type":"","overlay-color":"","overlay-opacity":"","overlay-gradient":""},"mobile":{"background-color":"","background-image":"","background-repeat":"repeat","background-position":"center center","background-size":"auto","background-attachment":"scroll","background-type":"","background-media":"","overlay-type":"","overlay-color":"","overlay-opacity":"","overlay-gradient":""}},"ast-content-background-meta":{"desktop":{"background-color":"var(--ast-global-color-5)","background-image":"","background-repeat":"repeat","background-position":"center center","background-size":"auto","background-attachment":"scroll","background-type":"","background-media":"","overlay-type":"","overlay-color":"","overlay-opacity":"","overlay-gradient":""},"tablet":{"background-color":"var(--ast-global-color-5)","background-image":"","background-repeat":"repeat","background-position":"center center","background-size":"auto","background-attachment":"scroll","background-type":"","background-media":"","overlay-type":"","overlay-color":"","overlay-opacity":"","overlay-gradient":""},"mobile":{"background-color":"var(--ast-global-color-5)","background-image":"","background-repeat":"repeat","background-position":"center center","background-size":"auto","background-attachment":"scroll","background-type":"","background-media":"","overlay-type":"","overlay-color":"","overlay-opacity":"","overlay-gradient":""}},"footnotes":""},"categories":[174],"tags":[452,303,299,453,297,454,455,456,250,305,251,73,419,265,266,69,457,458,459,460,461,267,268,462,463,464,14,5,465,165,98,466,21,467,22,468,472,1551,95,172,473,270,28],"class_list":["post-13901","post","type-post","status-publish","format-standard","has-post-thumbnail","hentry","category-cultura","tag-antros","tag-arena","tag-artesanos","tag-artistas-plasticos","tag-bicicleta","tag-casamiento","tag-casarse","tag-causa","tag-caverna","tag-cenote","tag-cenotes","tag-ceremonia","tag-chaman","tag-cine","tag-circo","tag-danza","tag-desfile","tag-dia-de-muertos","tag-diversion","tag-donativo","tag-espiritual","tag-festivales","tag-fiesta","tag-fiestas-patrias","tag-gratis","tag-gratuito","tag-iglesia","tag-mar","tag-marina","tag-masajes","tag-mayas","tag-meditaciones","tag-musica","tag-natacion","tag-noche","tag-papalotes","tag-religiosa","tag-ritual","tag-ruta-de-los-cenotes-living-travel","tag-selva","tag-show","tag-tradiciones","tag-velada"],"_links":{"self":[{"href":"https:\/\/ilovepm.com\/en\/wp-json\/wp\/v2\/posts\/13901","targetHints":{"allow":["GET"]}}],"collection":[{"href":"https:\/\/ilovepm.com\/en\/wp-json\/wp\/v2\/posts"}],"about":[{"href":"https:\/\/ilovepm.com\/en\/wp-json\/wp\/v2\/types\/post"}],"author":[{"embeddable":true,"href":"https:\/\/ilovepm.com\/en\/wp-json\/wp\/v2\/users\/5"}],"replies":[{"embeddable":true,"href":"https:\/\/ilovepm.com\/en\/wp-json\/wp\/v2\/comments?post=13901"}],"version-history":[{"count":0,"href":"https:\/\/ilovepm.com\/en\/wp-json\/wp\/v2\/posts\/13901\/revisions"}],"wp:featuredmedia":[{"embeddable":true,"href":"https:\/\/ilovepm.com\/en\/wp-json\/wp\/v2\/media\/13902"}],"wp:attachment":[{"href":"https:\/\/ilovepm.com\/en\/wp-json\/wp\/v2\/media?parent=13901"}],"wp:term":[{"taxonomy":"category","embeddable":true,"href":"https:\/\/ilovepm.com\/en\/wp-json\/wp\/v2\/categories?post=13901"},{"taxonomy":"post_tag","embeddable":true,"href":"https:\/\/ilovepm.com\/en\/wp-json\/wp\/v2\/tags?post=13901"}],"curies":[{"name":"wp","href":"https:\/\/api.w.org\/{rel}","templated":true}]}}